{"id":3623,"date":"2022-08-22T01:02:40","date_gmt":"2022-08-21T22:02:40","guid":{"rendered":"https:\/\/yourcar.rentals\/?p=3623"},"modified":"2022-08-22T01:13:59","modified_gmt":"2022-08-21T22:13:59","slug":"ammouliani-island-tourism-halkidiki-macedonia-greece","status":"publish","type":"post","link":"https:\/\/yourcar.rentals\/tr\/holidays\/ammouliani-island-tourism-halkidiki-macedonia-greece\/","title":{"rendered":"Ammouliani, n\u00fcfusunun 20 kat\u0131 g\u00fcnl\u00fck turizm yap\u0131lan k\u00fc\u00e7\u00fck ada!"},"content":{"rendered":"<p><strong>Ammouliani, n\u00fcfusunun 20 kat\u0131 g\u00fcnl\u00fck turizm yap\u0131lan k\u00fc\u00e7\u00fck ada! <\/strong><\/p>\n\n\n\n<p>Bu yaz, ada <strong>Ammouliani<\/strong>, \u00fc\u00e7\u00fcnc\u00fc aya\u011f\u0131nda <strong>Halkidiki<\/strong>, gezegenin her k\u00f6\u015fesinden rekor say\u0131da ziyaret\u00e7i belirliyor. i\u00e7inde bir ada <strong>Athos Da\u011f\u0131 k\u00f6rfezi<\/strong>, kar\u015f\u0131s\u0131nda <strong>tripiti<\/strong>sadece 4,5 kilometrekarelik bir alana ve k\u0131\u015f\u0131n yakla\u015f\u0131k 500 daimi ikametgah\u0131na sahip olan , \u015fimdi her g\u00fcn yerle\u015fimin plajlar\u0131ndan ve dar sokaklar\u0131ndan 8.000 \u2013 10.000 ziyaret\u00e7i \u201cg\u00f6rmektedir\u201d.<\/p>\n\n\n\n<p><strong>Ammouliani<\/strong>, i\u00e7inde ya\u015fayan tek ada <strong>Orta Makedonya<\/strong>, A\u011fustos ay\u0131nda potansiyelinin zirvesinde, ancak mevcut turizm sezonunun gidi\u015fat\u0131 i\u00e7in iyimser mesajlar erkenden g\u00f6r\u00fcld\u00fc, \u00e7\u00fcnk\u00fc hem Haziran hem de Temmuz aylar\u0131nda konaklama ve kamp alan\u0131ndaki doluluk oranlar\u0131 olduk\u00e7a y\u00fcksekti.<\/p>\n\n\n\n<figure class=\"wp-block-image size-large\"><img loading=\"lazy\" decoding=\"async\" width=\"1024\" height=\"576\" src=\"https:\/\/yourcar.rentals\/wp-content\/uploads\/ammouliani-island-halkidiki-greece-holidays-1024x576.jpg\" alt=\"\" class=\"wp-image-3630\" srcset=\"https:\/\/yourcar.rentals\/wp-content\/uploads\/ammouliani-island-halkidiki-greece-holidays-1024x576.jpg 1024w, https:\/\/yourcar.rentals\/wp-content\/uploads\/ammouliani-island-halkidiki-greece-holidays-300x169.jpg 300w, https:\/\/yourcar.rentals\/wp-content\/uploads\/ammouliani-island-halkidiki-greece-holidays-768x432.jpg 768w, https:\/\/yourcar.rentals\/wp-content\/uploads\/ammouliani-island-halkidiki-greece-holidays-1536x864.jpg 1536w, https:\/\/yourcar.rentals\/wp-content\/uploads\/ammouliani-island-halkidiki-greece-holidays-18x10.jpg 18w, https:\/\/yourcar.rentals\/wp-content\/uploads\/ammouliani-island-halkidiki-greece-holidays.jpg 1920w\" sizes=\"auto, (max-width: 1024px) 100vw, 1024px\" \/><figcaption>Ammouliani adas\u0131ndaki plajlar (Halkidiki)<\/figcaption><\/figure>\n\n\n\n<p><strong>Halkidiki k\u0131y\u0131lar\u0131nda k\u00fc\u00e7\u00fck bir ada cenneti<\/strong><\/p>\n\n\n\n<p>Ammouliani Kalk\u0131nma Derne\u011fi ba\u015fkan\u0131 Nikitas Martygakis, APE \u2013 MEP \u201cAjans 104,9Fm\u201d radyo istasyonuna yapt\u0131\u011f\u0131 a\u00e7\u0131klamalarla, d\u00f6nemin sonuna kadar uzayaca\u011f\u0131 i\u00e7in 2019 rakamlar\u0131n\u0131n kesinlikle a\u015f\u0131laca\u011f\u0131n\u0131 tahmin etti. sonbahar\u0131n. Sonu\u00e7ta hem Eyl\u00fcl hem de Ekim ay\u0131 i\u00e7in yabanc\u0131 turist rezervasyonlar\u0131 \u015fimdiden \u00e7ok iyi seviyelerde.<\/p>\n\n\n\n<figure class=\"wp-block-image size-full\"><img loading=\"lazy\" decoding=\"async\" width=\"740\" height=\"416\" src=\"https:\/\/yourcar.rentals\/wp-content\/uploads\/ammouliani-island-halkidiki-greece-holidays-1-740x416-1.jpg\" alt=\"\" class=\"wp-image-3631\" srcset=\"https:\/\/yourcar.rentals\/wp-content\/uploads\/ammouliani-island-halkidiki-greece-holidays-1-740x416-1.jpg 740w, https:\/\/yourcar.rentals\/wp-content\/uploads\/ammouliani-island-halkidiki-greece-holidays-1-740x416-1-300x169.jpg 300w, https:\/\/yourcar.rentals\/wp-content\/uploads\/ammouliani-island-halkidiki-greece-holidays-1-740x416-1-18x10.jpg 18w\" sizes=\"auto, (max-width: 740px) 100vw, 740px\" \/><figcaption>Ammouliani&#039;deki plajlar<\/figcaption><\/figure>\n\n\n\n<p><strong>Amerikal\u0131lar bu y\u0131l adada ilk kez<\/strong><\/p>\n\n\n\n<p>Dikkat \u00e7ekici olan \u015fey, bu y\u0131l ilk kez tatiller ve Amerikal\u0131 turistler i\u00e7in Ammouliani adas\u0131na \u00e7\u0131kmalar\u0131. Ammouliani Geli\u015ftirme Derne\u011fi ba\u015fkan\u0131, \u201cTemmuz ay\u0131nda, \u00fclkemizdeki di\u011fer destinasyonlarla birlikte tatil i\u00e7in bizi tercih eden Amerikal\u0131lar\u0131 ilk kez g\u00f6rd\u00fck\u201d dedi. Adadaki ana rezervasyonlar <strong>Balkanlar<\/strong>, ile birlikte <strong>Rumenler <\/strong>son iki y\u0131lda, y\u00fcksek say\u0131da geceleme kaydetmenin yan\u0131 s\u0131ra <strong>Almanlar, Frans\u0131zlar, \u0130ngilizler <\/strong>ve <strong>\u0130talyan<\/strong>Haftal\u0131k veya on g\u00fcnl\u00fck konaklama paketlerini mutlaka ay\u0131rtan ki\u015filer. \u201cEn uzak yerlerden gelen turistleri kaydettik. <strong>Meksika<\/strong>, <strong>Avustralya<\/strong>, bizde birka\u00e7 tane varken <strong>\u00c7in <\/strong>adam\u0131zda iki hafta ge\u00e7iren, onu di\u011fer Yunan b\u00f6lgeleriyle birle\u015ftiren \u201ddiye ekledi Bay Martygakis.<\/p>\n\n\n\n<h3 class=\"wp-block-heading\"><strong>Ammouliani Adas\u0131&#039;n\u0131n Konumu (Halkidiki YUNAN\u0130STAN)<\/strong><\/h3>\n\n\n<div\n\t\t\t\n\t\t\tclass=\"so-widget-sow-google-map so-widget-sow-google-map-default-a93fbefe708d\"\n\t\t\t\n\t\t>\n<div class=\"sow-google-map-canvas\"\n\tstyle=\"\"\n\tid=\"map-canvas-2bf19ab57bdb208090bd4290d76559ec\"\n\tdata-options=\"{&quot;address&quot;:&quot;40.3234145, 23.9149848&quot;,&quot;zoom&quot;:9,&quot;mobileZoom&quot;:9,&quot;gestureHandling&quot;:&quot;greedy&quot;,&quot;disableUi&quot;:false,&quot;markerIcon&quot;:false,&quot;markersDraggable&quot;:false,&quot;markerAtCenter&quot;:true,&quot;markerInfoDisplay&quot;:&quot;click&quot;,&quot;markerInfoMultiple&quot;:true,&quot;markerPositions&quot;:false,&quot;mapName&quot;:false,&quot;mapStyles&quot;:false,&quot;directions&quot;:&quot;&quot;,&quot;apiKey&quot;:&quot;AIzaSyBeJjfYoDkmWedGhFrGBlO1q2VAh_x6Nq8&quot;,&quot;breakpoint&quot;:780,&quot;id&quot;:&quot;69f5be&quot;}\"\n\tdata-fallback-image=\"{&quot;img&quot;:&quot;&quot;}\"><\/div>\n<\/div>\n\n\n<p> <\/p>\n\n\n\n<p>Turist \u201cy\u00fck\u00fcn\u00fc\u201d kald\u0131rmak i\u00e7in yeni altyap\u0131lar planlan\u0131yor \u201cAdadaki altyap\u0131, di\u011fer zamanlarda farkl\u0131 say\u0131da sakin i\u00e7in tasarland\u0131. Belediye ba\u015fkan\u0131 Aristoteli, &quot;Ajans 104,9Fm&quot; Stelios Valianos&#039;a konu\u015fan belediye ba\u015fkan\u0131 Aristoteli, 500&#039;\u00fc a\u015fmayan ve \u015fimdi Ammouliani&#039;ye deniz yolculuklar\u0131, tekneler ve feribotlarla gelen g\u00fcnl\u00fck ziyaret\u00e7ilerle birlikte en az 8.000&#039;i ge\u00e7meyen daimi sakinlere hizmet etmek i\u00e7in in\u015fa edildi\u011fini s\u00f6yledi. . Valianos, adan\u0131n 2025 tamamlanma ufku ile yeni liman\u0131n\u0131n olu\u015fturulmas\u0131na, turist tekneleri i\u00e7in bir s\u0131\u011f\u0131na\u011f\u0131n paralel i\u015fletilmesiyle Ammouliani liman tesislerinin iyile\u015ftirilmesi projesi olarak iki milyon ile Kurtarma Fonuna dahil edildi. euro. Ayn\u0131 zamanda, adan\u0131n kronik bir sorununa \u00e7\u00f6z\u00fcm sa\u011flayacak olan 1400 metre uzunlu\u011fundaki merkezi su temin borusunun tamam\u0131n\u0131n kendi kaynaklar\u0131ndan de\u011fi\u015ftirilmesi tamamlan\u0131rken, biyolojik tesisin modernizasyonu birka\u00e7 g\u00fcn i\u00e7inde tamamlanacak. bir kanalizasyon tesisi ile ihale edilecektir.<\/p>\n\n\n\n<figure class=\"wp-block-image size-full\"><img loading=\"lazy\" decoding=\"async\" width=\"740\" height=\"416\" src=\"https:\/\/yourcar.rentals\/wp-content\/uploads\/ammouliani-island-halkidiki-greece-holidays-2-740x416-1.jpg\" alt=\"\" class=\"wp-image-3632\" srcset=\"https:\/\/yourcar.rentals\/wp-content\/uploads\/ammouliani-island-halkidiki-greece-holidays-2-740x416-1.jpg 740w, https:\/\/yourcar.rentals\/wp-content\/uploads\/ammouliani-island-halkidiki-greece-holidays-2-740x416-1-300x169.jpg 300w, https:\/\/yourcar.rentals\/wp-content\/uploads\/ammouliani-island-halkidiki-greece-holidays-2-740x416-1-18x10.jpg 18w\" sizes=\"auto, (max-width: 740px) 100vw, 740px\" \/><figcaption>Ammouliani&#039;deki plajlar<\/figcaption><\/figure>\n\n\n\n<p>Ayr\u0131ca yak\u0131n gelecekte tarihi bir binan\u0131n yenilenmesi ve yeniden kullan\u0131lmas\u0131 <strong>Kalogeriki Kul\u00fcb\u00fc<\/strong> \u2013 k\u00fclt\u00fcrel bir \u00e7oklu site haline gelmek i\u00e7in a\u00e7\u0131k art\u0131rmaya \u00e7\u0131kar\u0131lacak, Eyl\u00fcl sonunda, i\u00e7 yol a\u011f\u0131nda kapsaml\u0131 asfalt kaplamas\u0131 ba\u015flayacak, merkezi yol aks\u0131 ise halihaz\u0131rda a\u00e7\u0131k art\u0131rmayla ihale edildi, bu da tar\u0131msal m\u00fclklerin yan\u0131 s\u0131ra yerle\u015fimi yo\u011fun olanlarla birle\u015ftiriyor. <strong>Alykes plaj\u0131<\/strong>.<\/p>\n\n\n\n<h2 class=\"wp-block-heading\"><strong>M\u00fckemmel mavi plaj Ammouliani Chalkidiki<\/strong><\/h2>\n\n\n\n<figure class=\"wp-block-embed is-type-video is-provider-youtube wp-block-embed-youtube wp-embed-aspect-16-9 wp-has-aspect-ratio\"><div class=\"wp-block-embed__wrapper\">\n<div class=\"embed-responsive  embed-responsive-16by9\"><iframe loading=\"lazy\" title=\"\u03b1\u03c0\u03cc\u03bb\u03c5\u03c4\u03bf \u03b3\u03b1\u03bb\u03ac\u03b6\u03b9\u03bf \u03b3\u03bc\u03bc\u03bf\u03c5\u03bb\u03b9\u03b1\u03bd\u03ae \u03a7\u03b1\u03bb\u03ba\u03b9\u03b4\u03b9\u03ba\u03ae\u03c2 | M\u00fckemmel mavi plaj Ammouliani Chalkidiki Drone Yunanistan\" width=\"1140\" height=\"641\" src=\"https:\/\/www.youtube.com\/embed\/VVJ-mVFVqQM?feature=oembed\" allow=\"accelerometer; autoplay; clipboard-write; encrypted-media; gyroscope; picture-in-picture; web-share\" allowfullscreen><\/iframe><\/div>\n<\/div><figcaption>Hakidiki&#039;deki Ammouliani adas\u0131nda video<\/figcaption><\/figure>\n\n\n\n<p>Son olarak, tarihi yap\u0131n\u0131n yenilenmesi ve yeniden kullan\u0131lmas\u0131 i\u00e7in yap\u0131lan \u00e7al\u0131\u015fma <strong>Arsana <\/strong>da ba\u015flam\u0131\u015ft\u0131r. Bay Valianos, \u201cAdan\u0131n tan\u0131t\u0131m hareketlerini durdurmadan tarihin bize sundu\u011fu do\u011fal g\u00fczelli\u011fe yard\u0131mc\u0131 olmak i\u00e7in altyap\u0131m\u0131za dikkat etmemiz gerekiyor\u201d diyerek s\u00f6zlerini sonland\u0131r\u0131yor.<\/p>\n\n\n\n<figure class=\"wp-block-image size-full\"><img loading=\"lazy\" decoding=\"async\" width=\"740\" height=\"416\" src=\"https:\/\/yourcar.rentals\/wp-content\/uploads\/ammouliani-island-halkidiki-macedonia-740x416-1.jpg\" alt=\"\" class=\"wp-image-3633\" srcset=\"https:\/\/yourcar.rentals\/wp-content\/uploads\/ammouliani-island-halkidiki-macedonia-740x416-1.jpg 740w, https:\/\/yourcar.rentals\/wp-content\/uploads\/ammouliani-island-halkidiki-macedonia-740x416-1-300x169.jpg 300w, https:\/\/yourcar.rentals\/wp-content\/uploads\/ammouliani-island-halkidiki-macedonia-740x416-1-18x10.jpg 18w\" sizes=\"auto, (max-width: 740px) 100vw, 740px\" \/><figcaption>Ammouliani Adas\u0131<\/figcaption><\/figure>\n\n\n\n<h2 class=\"wp-block-heading\">Ammouliani&#039;ye Feribot Teknesi: Ammouliani \u2013 Trypiti ve Trypiti \u2013 Ammouliani feribot g\u00fczergahlar\u0131 her g\u00fcn \u00e7al\u0131\u015fmaktad\u0131r. Yolculuk 10-15 dakika s\u00fcrer.<\/h2>\n\n\n\n<figure class=\"wp-block-image size-full\"><a href=\"https:\/\/ammoulianilines.gr\/en\/\" target=\"_blank\" rel=\"noreferrer noopener\"><img loading=\"lazy\" decoding=\"async\" width=\"740\" height=\"384\" src=\"https:\/\/yourcar.rentals\/wp-content\/uploads\/ferry-boat-ammouliani-tripiti-halkidiki-740x384-1.jpg\" alt=\"\" class=\"wp-image-3626\" srcset=\"https:\/\/yourcar.rentals\/wp-content\/uploads\/ferry-boat-ammouliani-tripiti-halkidiki-740x384-1.jpg 740w, https:\/\/yourcar.rentals\/wp-content\/uploads\/ferry-boat-ammouliani-tripiti-halkidiki-740x384-1-300x156.jpg 300w, https:\/\/yourcar.rentals\/wp-content\/uploads\/ferry-boat-ammouliani-tripiti-halkidiki-740x384-1-18x9.jpg 18w\" sizes=\"auto, (max-width: 740px) 100vw, 740px\" \/><\/a><figcaption><a href=\"https:\/\/ammoulianilines.gr\/en\/\" target=\"_blank\" rel=\"noreferrer noopener\">Ammouliani \u2013 Trypiti ve Trypiti \u2013 Ammouliani feribot teknesi<\/a><\/figcaption><\/figure>\n\n\n\n<hr class=\"wp-block-separator has-alpha-channel-opacity\"\/>\n\n\n\n<h2 class=\"wp-block-heading\">Ammouliani Adas\u0131 ile ilgili kaynaklar:<\/h2>\n\n\n\n<p><strong><a href=\"http:\/\/www.visitammouliani.com\/en\/homepage\/\" target=\"_blank\" rel=\"noopener\">Ammouliani&#039;yi ziyaret edin<\/a><\/strong><\/p>","protected":false},"excerpt":{"rendered":"<p>N\u00fcfusunun 20 kat\u0131 kadar g\u00fcnl\u00fck turizme sahip k\u00fc\u00e7\u00fck ada Ammouliani! Bu yaz Halkidiki&#039;nin \u00fc\u00e7\u00fcnc\u00fc aya\u011f\u0131ndaki Ammouliani adas\u0131 gezegenin her k\u00f6\u015fesinden rekor say\u0131da ziyaret\u00e7iye ev sahipli\u011fi yap\u0131yor. Athos Da\u011f\u0131 koyunda, Trypiti&#039;nin kar\u015f\u0131s\u0131nda, sadece 4,5 y\u00fcz\u00f6l\u00e7\u00fcm\u00fcne sahip bir ada...<\/p>","protected":false},"author":1,"featured_media":3627,"comment_status":"open","ping_status":"open","sticky":false,"template":"","format":"standard","meta":{"_acf_changed":false,"footnotes":""},"categories":[49,56],"tags":[57,42,48,44,50,47],"class_list":{"0":"post-3623","1":"post","2":"type-post","3":"status-publish","4":"format-standard","5":"has-post-thumbnail","7":"category-holidays","8":"category-halkidiki","9":"tag-ammouliani","10":"tag-city-breaks","11":"tag-greece","12":"tag-halkidiki","13":"tag-holidays","14":"tag-macedonia","15":"clearfix","16":"article"},"acf":[],"_links":{"self":[{"href":"https:\/\/yourcar.rentals\/tr\/wp-json\/wp\/v2\/posts\/3623","targetHints":{"allow":["GET"]}}],"collection":[{"href":"https:\/\/yourcar.rentals\/tr\/wp-json\/wp\/v2\/posts"}],"about":[{"href":"https:\/\/yourcar.rentals\/tr\/wp-json\/wp\/v2\/types\/post"}],"author":[{"embeddable":true,"href":"https:\/\/yourcar.rentals\/tr\/wp-json\/wp\/v2\/users\/1"}],"replies":[{"embeddable":true,"href":"https:\/\/yourcar.rentals\/tr\/wp-json\/wp\/v2\/comments?post=3623"}],"version-history":[{"count":0,"href":"https:\/\/yourcar.rentals\/tr\/wp-json\/wp\/v2\/posts\/3623\/revisions"}],"wp:featuredmedia":[{"embeddable":true,"href":"https:\/\/yourcar.rentals\/tr\/wp-json\/wp\/v2\/media\/3627"}],"wp:attachment":[{"href":"https:\/\/yourcar.rentals\/tr\/wp-json\/wp\/v2\/media?parent=3623"}],"wp:term":[{"taxonomy":"category","embeddable":true,"href":"https:\/\/yourcar.rentals\/tr\/wp-json\/wp\/v2\/categories?post=3623"},{"taxonomy":"post_tag","embeddable":true,"href":"https:\/\/yourcar.rentals\/tr\/wp-json\/wp\/v2\/tags?post=3623"}],"curies":[{"name":"wp","href":"https:\/\/api.w.org\/{rel}","templated":true}]}}